{"id":6249,"date":"2019-09-19T06:58:00","date_gmt":"2019-09-19T05:58:00","guid":{"rendered":"https:\/\/emotions-at-work.com\/when-cultural-programming-limits-our-potential\/"},"modified":"2023-10-11T11:40:09","modified_gmt":"2023-10-11T10:40:09","slug":"when-cultural-programming-limits-our-potential","status":"publish","type":"post","link":"https:\/\/emotions-at-work.com\/es\/when-cultural-programming-limits-our-potential\/","title":{"rendered":"Cuando la Programaci\u00f3n Cultural Limita nuestro Potencial"},"content":{"rendered":"\n<p>Nuestros procesos de aprendizaje cultural desarrollados en nuestra infancia se basan en pr\u00e1cticas de aprendizaje imitativo, instruido y colaborativo. Estos diferentes modos de aprendizaje se adquieren socialmente participando en actividades colectivas que resultan en la indoctrinaci\u00f3n cultural. En consecuencia, la indoctrinaci\u00f3n cultural moldea nuestra percepci\u00f3n y discrimina entre lo que se considera apropiado o no en situaciones y contextos culturales espec\u00edficos.&nbsp;<\/p>\n\n\n\n<p>En tiempos anteriores, las interacciones entre las idiosincrasias culturales ocurr\u00edan gradualmente, manteniendo las normas culturales \u00abintactas\u00bb por largos per\u00edodos de tiempo. La falta de exposici\u00f3n a otros modos de indoctrinaci\u00f3n significaba que el statu quo de cualquier situaci\u00f3n dada dictado por una norma cultural rara vez era desafiado.&nbsp;<\/p>\n\n\n\n<p>Hoy en d\u00eda, internet, la comunicaci\u00f3n r\u00e1pida y la realidad virtual nos permiten llegar a todos los rincones del mundo en milisegundos. Los flujos migratorios de la poblaci\u00f3n tambi\u00e9n han desempe\u00f1ado un papel importante en la reconfiguraci\u00f3n de las normas culturales. Por lo tanto, esto nos da la oportunidad de desafiar las condiciones culturales existentes con m\u00e1s frecuencia.&nbsp;<\/p>\n\n\n\n<p>Una vez que se desaf\u00eda una norma cultural, los individuos comienzan a reconocer que ciertas formas de operar ya no son sostenibles y que deben ser reconsideradas y reevaluadas para lograr su pr\u00f3ximo cambio de desarrollo personal.<\/p>\n\n\n\n<p>En esta etapa, los individuos y grupos finalmente reconocen que la programaci\u00f3n cultural debe ser \u00abdesaprendida\u00bb ya que limita su potencial de crecimiento. El principal problema para desafiar el statu quo de las normas culturales gobernantes es el miedo a desviarse de lo que es socialmente aceptado y estipulado.&nbsp;<\/p>\n\n\n\n<p>Un buen punto de partida para remodelar nuestra programaci\u00f3n cultural y liberar nuestro potencial es haci\u00e9ndonos preguntas dif\u00edciles:<\/p>\n\n\n\n<ul class=\"wp-block-list\">\n<li>\u00bfEs la situaci\u00f3n personal o profesional actual que estoy experimentando\u2026?&nbsp;<\/li>\n<\/ul>\n\n\n\n<ul class=\"wp-block-list\">\n<li>\u00bfCoherente y en l\u00ednea con mis sentimientos y creencias m\u00e1s internos?&nbsp;<\/li>\n<\/ul>\n\n\n\n<ul class=\"wp-block-list\">\n<li>\u00bfEn desconexi\u00f3n entre lo que la sociedad espera que haga y lo que realmente siento y creo que deber\u00eda hacerse?&nbsp;<\/li>\n<\/ul>\n\n\n\n<ul class=\"wp-block-list\">\n<li>\u00bfMe estoy honrando a m\u00ed mismo primero o estoy cumpliendo con las expectativas de los dem\u00e1s?&nbsp;<\/li>\n<\/ul>\n\n\n\n<p>Solo cuando nos hemos enfrentado a estas preguntas, podemos descomponer claramente el componente del miedo. Podemos entonces difundir la confusi\u00f3n causada en nuestra mente y emociones por la discrepancia entre nuestras necesidades subyacentes y lo que la indoctrinaci\u00f3n cultural ha determinado. Una vez que esto se ha aclarado, creamos el estado mental y emocional para liberar nuestro verdadero potencial.<\/p>\n\n\n\n<p class=\"has-small-font-size\">REPRODUCCI\u00d3N PROHIBIDA SIN PERMISO<\/p>\n","protected":false},"excerpt":{"rendered":"<p>Nuestros procesos de aprendizaje cultural desarrollados en nuestra infancia se basan en pr\u00e1cticas de aprendizaje imitativo, instruido y colaborativo. Estos diferentes modos de aprendizaje se adquieren socialmente participando en actividades colectivas que resultan en la indoctrinaci\u00f3n cultural. En consecuencia, la indoctrinaci\u00f3n cultural moldea nuestra percepci\u00f3n y discrimina entre lo que se considera apropiado o no [&hellip;]<\/p>\n","protected":false},"author":41,"featured_media":5290,"comment_status":"closed","ping_status":"open","sticky":false,"template":"","format":"standard","meta":{"_acf_changed":false,"_eb_attr":"","om_disable_all_campaigns":false,"inline_featured_image":false,"_genesis_hide_title":false,"_genesis_hide_breadcrumbs":false,"_genesis_hide_singular_image":false,"_genesis_hide_footer_widgets":false,"_genesis_custom_body_class":"","_genesis_custom_post_class":"","_genesis_layout":"","footnotes":""},"categories":[158,277,72],"tags":[188,177],"class_list":{"0":"post-6249","1":"post","2":"type-post","3":"status-publish","4":"format-standard","5":"has-post-thumbnail","7":"category-autoconciencia","8":"category-desarrollo-interpersonal","9":"category-mindfulness-es","10":"tag-conciencia","11":"tag-emociones","12":"entry"},"acf":[],"featured_image_src":"https:\/\/emotions-at-work.com\/wp-content\/uploads\/2021\/02\/Cultural-Programming-Limits-18-600x400.png","featured_image_src_square":"https:\/\/emotions-at-work.com\/wp-content\/uploads\/2021\/02\/Cultural-Programming-Limits-18-600x500.png","author_info":{"display_name":"Laura Aldape","author_link":"https:\/\/emotions-at-work.com\/es\/author\/laura\/"},"_links":{"self":[{"href":"https:\/\/emotions-at-work.com\/es\/wp-json\/wp\/v2\/posts\/6249","targetHints":{"allow":["GET"]}}],"collection":[{"href":"https:\/\/emotions-at-work.com\/es\/wp-json\/wp\/v2\/posts"}],"about":[{"href":"https:\/\/emotions-at-work.com\/es\/wp-json\/wp\/v2\/types\/post"}],"author":[{"embeddable":true,"href":"https:\/\/emotions-at-work.com\/es\/wp-json\/wp\/v2\/users\/41"}],"replies":[{"embeddable":true,"href":"https:\/\/emotions-at-work.com\/es\/wp-json\/wp\/v2\/comments?post=6249"}],"version-history":[{"count":0,"href":"https:\/\/emotions-at-work.com\/es\/wp-json\/wp\/v2\/posts\/6249\/revisions"}],"wp:featuredmedia":[{"embeddable":true,"href":"https:\/\/emotions-at-work.com\/es\/wp-json\/wp\/v2\/media\/5290"}],"wp:attachment":[{"href":"https:\/\/emotions-at-work.com\/es\/wp-json\/wp\/v2\/media?parent=6249"}],"wp:term":[{"taxonomy":"category","embeddable":true,"href":"https:\/\/emotions-at-work.com\/es\/wp-json\/wp\/v2\/categories?post=6249"},{"taxonomy":"post_tag","embeddable":true,"href":"https:\/\/emotions-at-work.com\/es\/wp-json\/wp\/v2\/tags?post=6249"}],"curies":[{"name":"wp","href":"https:\/\/api.w.org\/{rel}","templated":true}]}}